{"id":2890,"date":"2020-07-28T12:31:21","date_gmt":"2020-07-28T12:31:21","guid":{"rendered":"https:\/\/moduloc.ca\/blog\/how-to-install-modu-loc-pickup-panels\/"},"modified":"2022-07-29T13:33:59","modified_gmt":"2022-07-29T13:33:59","slug":"installation-des-panneaux-compacts","status":"publish","type":"post","link":"https:\/\/moduloc.ca\/fr\/blog\/installation-des-panneaux-compacts\/","title":{"rendered":"Guide pour l&rsquo;installation des panneaux compacts"},"content":{"rendered":"<h2>\u00c9tapes \u00e0 suivre pour l&rsquo;installation des panneaux compacts<\/h2>\n<p style=\"text-align: left;\">Merci d\u2019avoir choisi Modu-Loc Fence Rentals! Veuillez suivre ces \u00e9tapes pour l&rsquo;installation des panneaux compacts<\/p>\n<h3 style=\"text-align: left;\">\u00c9TAPE 1 \u2013 POSER LES BASES<\/h3>\n<p style=\"text-align: left;\">Toutes les bases de cl\u00f4ture Modu-Loc se composent d\u2019une cheville carr\u00e9e et d\u2019une cheville ronde. Disposez les bases de cl\u00f4ture avec 4 pied d\u2019\u00e9cart avec tous les ronds face \u00e0 la direction que vous aller installer votre cl\u00f4ture.<\/p>\n<h3 style=\"text-align: left;\"><img loading=\"lazy\" decoding=\"async\" class=\"alignnone wp-image-2869\" src=\"https:\/\/moduloc.ca\/wp-content\/uploads\/2020\/07\/20200409_095249-scaled.jpg\" alt=\"\" width=\"800\" height=\"450\" srcset=\"https:\/\/moduloc.ca\/wp-content\/uploads\/2020\/07\/20200409_095249-scaled.jpg 2560w, https:\/\/moduloc.ca\/wp-content\/uploads\/2020\/07\/20200409_095249-280x158.jpg 280w, https:\/\/moduloc.ca\/wp-content\/uploads\/2020\/07\/20200409_095249-768x432.jpg 768w, https:\/\/moduloc.ca\/wp-content\/uploads\/2020\/07\/20200409_095249-1024x576.jpg 1024w, https:\/\/moduloc.ca\/wp-content\/uploads\/2020\/07\/20200409_095249-1536x864.jpg 1536w, https:\/\/moduloc.ca\/wp-content\/uploads\/2020\/07\/20200409_095249-2048x1152.jpg 2048w\" sizes=\"auto, (max-width: 800px) 100vw, 800px\" \/><\/h3>\n<h3 style=\"text-align: left;\">\u00c9TAPE 2 &#8211; INSTALLER LES PANNEAUX<\/h3>\n<p style=\"text-align: left;\">Avec un partenaire, commencer \u00e0 assembler les panneaux de cl\u00f4ture sur les bases. Ins\u00e9rez d\u2019abord la cheville carr\u00e9e dans le panneau, puis faites glisser le panneau vers la base pr\u00e9c\u00e9demment install\u00e9e et ins\u00e9ez-le sur la cheville ronde. Veuillez noter que toutes nos barri\u00e8res sont install\u00e9es avec la plaque Modu-Loc au-dessus et la barre horizontale orient\u00e9e vers le site.<\/p>\n<h3 style=\"text-align: left;\"><img loading=\"lazy\" decoding=\"async\" class=\"alignnone wp-image-2873\" src=\"https:\/\/moduloc.ca\/wp-content\/uploads\/2020\/07\/20200409_095355-scaled.jpg\" alt=\"\" width=\"800\" height=\"450\" srcset=\"https:\/\/moduloc.ca\/wp-content\/uploads\/2020\/07\/20200409_095355-scaled.jpg 2560w, https:\/\/moduloc.ca\/wp-content\/uploads\/2020\/07\/20200409_095355-280x158.jpg 280w, https:\/\/moduloc.ca\/wp-content\/uploads\/2020\/07\/20200409_095355-1024x576.jpg 1024w, https:\/\/moduloc.ca\/wp-content\/uploads\/2020\/07\/20200409_095355-768x432.jpg 768w, https:\/\/moduloc.ca\/wp-content\/uploads\/2020\/07\/20200409_095355-1536x864.jpg 1536w, https:\/\/moduloc.ca\/wp-content\/uploads\/2020\/07\/20200409_095355-2048x1152.jpg 2048w\" sizes=\"auto, (max-width: 800px) 100vw, 800px\" \/><\/h3>\n<h3 style=\"text-align: left;\">\u00c9TAPE 4 \u2013 INSTALLATION DES CAPS<\/h3>\n<p style=\"text-align: left;\">Vous \u00eates maintenant pr\u00eat \u00e0 finaliser la configuration de la barri\u00e8re en installant les caps. Tous les caps se composent \u00e9galement d\u2019une cheville carr\u00e9e et d\u2019une cheville ronde. Ceux-ci doivent \u00eatre install\u00e9s de la m\u00eame mani\u00e8re que les bases ont \u00e9t\u00e9 dispos\u00e9es: la cheville ronde vis-\u00e0-vis la cheville ronde et le carr\u00e9 avec le carr\u00e9. Installez le capuchon dans le haut du panneau, et ins\u00e9rer le cap compl\u00e8tement.<\/p>\n<p><img loading=\"lazy\" decoding=\"async\" class=\"alignnone wp-image-2879\" src=\"https:\/\/moduloc.ca\/wp-content\/uploads\/2020\/07\/20200409_095831-scaled.jpg\" alt=\"\" width=\"800\" height=\"450\" srcset=\"https:\/\/moduloc.ca\/wp-content\/uploads\/2020\/07\/20200409_095831-scaled.jpg 2560w, https:\/\/moduloc.ca\/wp-content\/uploads\/2020\/07\/20200409_095831-280x158.jpg 280w, https:\/\/moduloc.ca\/wp-content\/uploads\/2020\/07\/20200409_095831-768x432.jpg 768w, https:\/\/moduloc.ca\/wp-content\/uploads\/2020\/07\/20200409_095831-1024x576.jpg 1024w, https:\/\/moduloc.ca\/wp-content\/uploads\/2020\/07\/20200409_095831-1536x864.jpg 1536w, https:\/\/moduloc.ca\/wp-content\/uploads\/2020\/07\/20200409_095831-2048x1152.jpg 2048w\" sizes=\"auto, (max-width: 800px) 100vw, 800px\" \/><\/p>\n<h3 style=\"text-align: left;\">Tu as fini!<\/h3>\n<p><img loading=\"lazy\" decoding=\"async\" class=\"alignnone wp-image-2881\" src=\"https:\/\/moduloc.ca\/wp-content\/uploads\/2020\/07\/20200716_091133_resized.jpg\" alt=\"Pickup Panels \" width=\"800\" height=\"600\" \/><\/p>\n<p style=\"text-align: left;\">POUR ASSISTANCE, S.V.P. <a href=\"https:\/\/moduloc.ca\/fr\/contactez-nous\/\">CONTACTEZ VOTRE SUCCURSALE<\/a>.<\/p>\n","protected":false},"excerpt":{"rendered":"\u00c9tapes \u00e0 suivre pour l&rsquo;installation des panneaux compacts Merci d\u2019avoir choisi Modu-Loc Fence Rentals! Veuillez suivre ces \u00e9tapes pour l&rsquo;installation des panneaux compacts \u00c9TAPE 1 \u2013 POSER LES BASES Toutes les bases de cl\u00f4ture Modu-Loc se composent d\u2019une cheville carr\u00e9e et d\u2019une cheville ronde. Disposez les bases de cl\u00f4ture avec 4 pied d\u2019\u00e9cart avec tous [&hellip;]","protected":false},"author":3,"featured_media":2882,"comment_status":"open","ping_status":"open","sticky":false,"template":"","format":"standard","meta":{"_acf_changed":false,"inline_featured_image":false,"footnotes":""},"categories":[138],"tags":[],"class_list":["post-2890","post","type-post","status-publish","format-standard","has-post-thumbnail","hentry","category-introduction-a-la-cloture"],"acf":[],"yoast_head":"<!-- This site is optimized with the Yoast SEO plugin v27.5 - https:\/\/yoast.com\/product\/yoast-seo-wordpress\/ -->\n<title>Guide pour l&#039;installation des panneaux compacts | Modu-Loc Canada<\/title>\n<meta name=\"description\" content=\"Veuillez suivre ces \u00e9tapes pour vous assurer que l&#039;installation des panneaux compacts est effectu\u00e9e en toute s\u00e9curit\u00e9.\" \/>\n<meta name=\"robots\" content=\"index, follow, max-snippet:-1, max-image-preview:large, max-video-preview:-1\" \/>\n<link rel=\"canonical\" href=\"https:\/\/moduloc.ca\/fr\/blog\/installation-des-panneaux-compacts\/\" \/>\n<meta property=\"og:locale\" content=\"fr_CA\" \/>\n<meta property=\"og:type\" content=\"article\" \/>\n<meta property=\"og:title\" content=\"Guide pour l&#039;installation des panneaux compacts | Modu-Loc Canada\" \/>\n<meta property=\"og:description\" content=\"Veuillez suivre ces \u00e9tapes pour vous assurer que l&#039;installation des panneaux compacts est effectu\u00e9e en toute s\u00e9curit\u00e9.\" \/>\n<meta property=\"og:url\" content=\"https:\/\/moduloc.ca\/fr\/blog\/installation-des-panneaux-compacts\/\" \/>\n<meta property=\"og:site_name\" content=\"Modu-Loc Canada\" \/>\n<meta property=\"article:published_time\" content=\"2020-07-28T12:31:21+00:00\" \/>\n<meta property=\"article:modified_time\" content=\"2022-07-29T13:33:59+00:00\" \/>\n<meta property=\"og:image\" content=\"https:\/\/moduloc.ca\/wp-content\/uploads\/2020\/07\/20200716_091133_resized.jpg\" \/>\n\t<meta property=\"og:image:width\" content=\"2304\" \/>\n\t<meta property=\"og:image:height\" content=\"1728\" \/>\n\t<meta property=\"og:image:type\" content=\"image\/jpeg\" \/>\n<meta name=\"author\" content=\"Stephani Hnetinka\" \/>\n<meta name=\"twitter:card\" content=\"summary_large_image\" \/>\n<meta name=\"twitter:creator\" content=\"@ModulocFence\" \/>\n<meta name=\"twitter:site\" content=\"@ModulocFence\" \/>\n<meta name=\"twitter:label1\" content=\"\u00c9crit par\" \/>\n\t<meta name=\"twitter:data1\" content=\"Stephani Hnetinka\" \/>\n\t<meta name=\"twitter:label2\" content=\"Estimation du temps de lecture\" \/>\n\t<meta name=\"twitter:data2\" content=\"2 minutes\" \/>\n<script type=\"application\/ld+json\" class=\"yoast-schema-graph\">{\"@context\":\"https:\\\/\\\/schema.org\",\"@graph\":[{\"@type\":\"Article\",\"@id\":\"https:\\\/\\\/moduloc.ca\\\/fr\\\/blog\\\/installation-des-panneaux-compacts\\\/#article\",\"isPartOf\":{\"@id\":\"https:\\\/\\\/moduloc.ca\\\/fr\\\/blog\\\/installation-des-panneaux-compacts\\\/\"},\"author\":{\"name\":\"Stephani Hnetinka\",\"@id\":\"https:\\\/\\\/moduloc.ca\\\/fr\\\/#\\\/schema\\\/person\\\/a415c988ab307101b61c806f20c40faa\"},\"headline\":\"Guide pour l&rsquo;installation des panneaux compacts\",\"datePublished\":\"2020-07-28T12:31:21+00:00\",\"dateModified\":\"2022-07-29T13:33:59+00:00\",\"mainEntityOfPage\":{\"@id\":\"https:\\\/\\\/moduloc.ca\\\/fr\\\/blog\\\/installation-des-panneaux-compacts\\\/\"},\"wordCount\":243,\"commentCount\":0,\"publisher\":{\"@id\":\"https:\\\/\\\/moduloc.ca\\\/fr\\\/#organization\"},\"image\":{\"@id\":\"https:\\\/\\\/moduloc.ca\\\/fr\\\/blog\\\/installation-des-panneaux-compacts\\\/#primaryimage\"},\"thumbnailUrl\":\"https:\\\/\\\/moduloc.ca\\\/wp-content\\\/uploads\\\/2020\\\/07\\\/20200716_091133_resized.jpg\",\"articleSection\":[\"Introduction \u00e0 la cl\u00f4ture\"],\"inLanguage\":\"fr-CA\",\"potentialAction\":[{\"@type\":\"CommentAction\",\"name\":\"Comment\",\"target\":[\"https:\\\/\\\/moduloc.ca\\\/fr\\\/blog\\\/installation-des-panneaux-compacts\\\/#respond\"]}]},{\"@type\":\"WebPage\",\"@id\":\"https:\\\/\\\/moduloc.ca\\\/fr\\\/blog\\\/installation-des-panneaux-compacts\\\/\",\"url\":\"https:\\\/\\\/moduloc.ca\\\/fr\\\/blog\\\/installation-des-panneaux-compacts\\\/\",\"name\":\"Guide pour l'installation des panneaux compacts | Modu-Loc Canada\",\"isPartOf\":{\"@id\":\"https:\\\/\\\/moduloc.ca\\\/fr\\\/#website\"},\"primaryImageOfPage\":{\"@id\":\"https:\\\/\\\/moduloc.ca\\\/fr\\\/blog\\\/installation-des-panneaux-compacts\\\/#primaryimage\"},\"image\":{\"@id\":\"https:\\\/\\\/moduloc.ca\\\/fr\\\/blog\\\/installation-des-panneaux-compacts\\\/#primaryimage\"},\"thumbnailUrl\":\"https:\\\/\\\/moduloc.ca\\\/wp-content\\\/uploads\\\/2020\\\/07\\\/20200716_091133_resized.jpg\",\"datePublished\":\"2020-07-28T12:31:21+00:00\",\"dateModified\":\"2022-07-29T13:33:59+00:00\",\"description\":\"Veuillez suivre ces \u00e9tapes pour vous assurer que l'installation des panneaux compacts est effectu\u00e9e en toute s\u00e9curit\u00e9.\",\"breadcrumb\":{\"@id\":\"https:\\\/\\\/moduloc.ca\\\/fr\\\/blog\\\/installation-des-panneaux-compacts\\\/#breadcrumb\"},\"inLanguage\":\"fr-CA\",\"potentialAction\":[{\"@type\":\"ReadAction\",\"target\":[\"https:\\\/\\\/moduloc.ca\\\/fr\\\/blog\\\/installation-des-panneaux-compacts\\\/\"]}]},{\"@type\":\"ImageObject\",\"inLanguage\":\"fr-CA\",\"@id\":\"https:\\\/\\\/moduloc.ca\\\/fr\\\/blog\\\/installation-des-panneaux-compacts\\\/#primaryimage\",\"url\":\"https:\\\/\\\/moduloc.ca\\\/wp-content\\\/uploads\\\/2020\\\/07\\\/20200716_091133_resized.jpg\",\"contentUrl\":\"https:\\\/\\\/moduloc.ca\\\/wp-content\\\/uploads\\\/2020\\\/07\\\/20200716_091133_resized.jpg\",\"width\":2304,\"height\":1728},{\"@type\":\"BreadcrumbList\",\"@id\":\"https:\\\/\\\/moduloc.ca\\\/fr\\\/blog\\\/installation-des-panneaux-compacts\\\/#breadcrumb\",\"itemListElement\":[{\"@type\":\"ListItem\",\"position\":1,\"name\":\"Home\",\"item\":\"https:\\\/\\\/moduloc.ca\\\/fr\\\/\"},{\"@type\":\"ListItem\",\"position\":2,\"name\":\"Guide pour l&rsquo;installation des panneaux compacts\"}]},{\"@type\":\"WebSite\",\"@id\":\"https:\\\/\\\/moduloc.ca\\\/fr\\\/#website\",\"url\":\"https:\\\/\\\/moduloc.ca\\\/fr\\\/\",\"name\":\"Modu-Loc Canada\",\"description\":\"SECURING WHAT MATTERS.\",\"publisher\":{\"@id\":\"https:\\\/\\\/moduloc.ca\\\/fr\\\/#organization\"},\"potentialAction\":[{\"@type\":\"SearchAction\",\"target\":{\"@type\":\"EntryPoint\",\"urlTemplate\":\"https:\\\/\\\/moduloc.ca\\\/fr\\\/?s={search_term_string}\"},\"query-input\":{\"@type\":\"PropertyValueSpecification\",\"valueRequired\":true,\"valueName\":\"search_term_string\"}}],\"inLanguage\":\"fr-CA\"},{\"@type\":\"Organization\",\"@id\":\"https:\\\/\\\/moduloc.ca\\\/fr\\\/#organization\",\"name\":\"Modu-Loc Canada\",\"url\":\"https:\\\/\\\/moduloc.ca\\\/fr\\\/\",\"logo\":{\"@type\":\"ImageObject\",\"inLanguage\":\"fr-CA\",\"@id\":\"https:\\\/\\\/moduloc.ca\\\/fr\\\/#\\\/schema\\\/logo\\\/image\\\/\",\"url\":\"https:\\\/\\\/moduloc.ca\\\/wp-content\\\/uploads\\\/2021\\\/11\\\/Moduloc-Logo1.svg\",\"contentUrl\":\"https:\\\/\\\/moduloc.ca\\\/wp-content\\\/uploads\\\/2021\\\/11\\\/Moduloc-Logo1.svg\",\"width\":\"1024\",\"height\":\"1024\",\"caption\":\"Modu-Loc Canada\"},\"image\":{\"@id\":\"https:\\\/\\\/moduloc.ca\\\/fr\\\/#\\\/schema\\\/logo\\\/image\\\/\"},\"sameAs\":[\"https:\\\/\\\/x.com\\\/ModulocFence\",\"https:\\\/\\\/www.instagram.com\\\/moduloc\\\/\",\"https:\\\/\\\/www.linkedin.com\\\/company\\\/modu-loc-fence-rentals-ltd\\\/\",\"https:\\\/\\\/www.youtube.com\\\/modulocfencerentals\"]},{\"@type\":\"Person\",\"@id\":\"https:\\\/\\\/moduloc.ca\\\/fr\\\/#\\\/schema\\\/person\\\/a415c988ab307101b61c806f20c40faa\",\"name\":\"Stephani Hnetinka\",\"image\":{\"@type\":\"ImageObject\",\"inLanguage\":\"fr-CA\",\"@id\":\"https:\\\/\\\/secure.gravatar.com\\\/avatar\\\/901d6a2628dcf6772c66630215a31ef717a2fe9a070fd53ba629b81f272e3a98?s=96&d=mm&r=g\",\"url\":\"https:\\\/\\\/secure.gravatar.com\\\/avatar\\\/901d6a2628dcf6772c66630215a31ef717a2fe9a070fd53ba629b81f272e3a98?s=96&d=mm&r=g\",\"contentUrl\":\"https:\\\/\\\/secure.gravatar.com\\\/avatar\\\/901d6a2628dcf6772c66630215a31ef717a2fe9a070fd53ba629b81f272e3a98?s=96&d=mm&r=g\",\"caption\":\"Stephani Hnetinka\"},\"description\":\"Stephani is a Marketing Assistant who has been working with Modu-Loc Fence Rentals since 2018. She enjoys writing about construction, and loves anything and everything to do with temporary fencing solutions.\",\"sameAs\":[\"http:\\\/\\\/linkedin.com\\\/in\\\/stephanihnetinka\"],\"url\":\"https:\\\/\\\/moduloc.ca\\\/fr\\\/blog\\\/author\\\/shnetinka\\\/\"}]}<\/script>\n<!-- \/ Yoast SEO plugin. -->","yoast_head_json":{"title":"Guide pour l'installation des panneaux compacts | Modu-Loc Canada","description":"Veuillez suivre ces \u00e9tapes pour vous assurer que l'installation des panneaux compacts est effectu\u00e9e en toute s\u00e9curit\u00e9.","robots":{"index":"index","follow":"follow","max-snippet":"max-snippet:-1","max-image-preview":"max-image-preview:large","max-video-preview":"max-video-preview:-1"},"canonical":"https:\/\/moduloc.ca\/fr\/blog\/installation-des-panneaux-compacts\/","og_locale":"fr_CA","og_type":"article","og_title":"Guide pour l'installation des panneaux compacts | Modu-Loc Canada","og_description":"Veuillez suivre ces \u00e9tapes pour vous assurer que l'installation des panneaux compacts est effectu\u00e9e en toute s\u00e9curit\u00e9.","og_url":"https:\/\/moduloc.ca\/fr\/blog\/installation-des-panneaux-compacts\/","og_site_name":"Modu-Loc Canada","article_published_time":"2020-07-28T12:31:21+00:00","article_modified_time":"2022-07-29T13:33:59+00:00","og_image":[{"width":2304,"height":1728,"url":"https:\/\/moduloc.ca\/wp-content\/uploads\/2020\/07\/20200716_091133_resized.jpg","type":"image\/jpeg"}],"author":"Stephani Hnetinka","twitter_card":"summary_large_image","twitter_creator":"@ModulocFence","twitter_site":"@ModulocFence","twitter_misc":{"\u00c9crit par":"Stephani Hnetinka","Estimation du temps de lecture":"2 minutes"},"schema":{"@context":"https:\/\/schema.org","@graph":[{"@type":"Article","@id":"https:\/\/moduloc.ca\/fr\/blog\/installation-des-panneaux-compacts\/#article","isPartOf":{"@id":"https:\/\/moduloc.ca\/fr\/blog\/installation-des-panneaux-compacts\/"},"author":{"name":"Stephani Hnetinka","@id":"https:\/\/moduloc.ca\/fr\/#\/schema\/person\/a415c988ab307101b61c806f20c40faa"},"headline":"Guide pour l&rsquo;installation des panneaux compacts","datePublished":"2020-07-28T12:31:21+00:00","dateModified":"2022-07-29T13:33:59+00:00","mainEntityOfPage":{"@id":"https:\/\/moduloc.ca\/fr\/blog\/installation-des-panneaux-compacts\/"},"wordCount":243,"commentCount":0,"publisher":{"@id":"https:\/\/moduloc.ca\/fr\/#organization"},"image":{"@id":"https:\/\/moduloc.ca\/fr\/blog\/installation-des-panneaux-compacts\/#primaryimage"},"thumbnailUrl":"https:\/\/moduloc.ca\/wp-content\/uploads\/2020\/07\/20200716_091133_resized.jpg","articleSection":["Introduction \u00e0 la cl\u00f4ture"],"inLanguage":"fr-CA","potentialAction":[{"@type":"CommentAction","name":"Comment","target":["https:\/\/moduloc.ca\/fr\/blog\/installation-des-panneaux-compacts\/#respond"]}]},{"@type":"WebPage","@id":"https:\/\/moduloc.ca\/fr\/blog\/installation-des-panneaux-compacts\/","url":"https:\/\/moduloc.ca\/fr\/blog\/installation-des-panneaux-compacts\/","name":"Guide pour l'installation des panneaux compacts | Modu-Loc Canada","isPartOf":{"@id":"https:\/\/moduloc.ca\/fr\/#website"},"primaryImageOfPage":{"@id":"https:\/\/moduloc.ca\/fr\/blog\/installation-des-panneaux-compacts\/#primaryimage"},"image":{"@id":"https:\/\/moduloc.ca\/fr\/blog\/installation-des-panneaux-compacts\/#primaryimage"},"thumbnailUrl":"https:\/\/moduloc.ca\/wp-content\/uploads\/2020\/07\/20200716_091133_resized.jpg","datePublished":"2020-07-28T12:31:21+00:00","dateModified":"2022-07-29T13:33:59+00:00","description":"Veuillez suivre ces \u00e9tapes pour vous assurer que l'installation des panneaux compacts est effectu\u00e9e en toute s\u00e9curit\u00e9.","breadcrumb":{"@id":"https:\/\/moduloc.ca\/fr\/blog\/installation-des-panneaux-compacts\/#breadcrumb"},"inLanguage":"fr-CA","potentialAction":[{"@type":"ReadAction","target":["https:\/\/moduloc.ca\/fr\/blog\/installation-des-panneaux-compacts\/"]}]},{"@type":"ImageObject","inLanguage":"fr-CA","@id":"https:\/\/moduloc.ca\/fr\/blog\/installation-des-panneaux-compacts\/#primaryimage","url":"https:\/\/moduloc.ca\/wp-content\/uploads\/2020\/07\/20200716_091133_resized.jpg","contentUrl":"https:\/\/moduloc.ca\/wp-content\/uploads\/2020\/07\/20200716_091133_resized.jpg","width":2304,"height":1728},{"@type":"BreadcrumbList","@id":"https:\/\/moduloc.ca\/fr\/blog\/installation-des-panneaux-compacts\/#breadcrumb","itemListElement":[{"@type":"ListItem","position":1,"name":"Home","item":"https:\/\/moduloc.ca\/fr\/"},{"@type":"ListItem","position":2,"name":"Guide pour l&rsquo;installation des panneaux compacts"}]},{"@type":"WebSite","@id":"https:\/\/moduloc.ca\/fr\/#website","url":"https:\/\/moduloc.ca\/fr\/","name":"Modu-Loc Canada","description":"SECURING WHAT MATTERS.","publisher":{"@id":"https:\/\/moduloc.ca\/fr\/#organization"},"potentialAction":[{"@type":"SearchAction","target":{"@type":"EntryPoint","urlTemplate":"https:\/\/moduloc.ca\/fr\/?s={search_term_string}"},"query-input":{"@type":"PropertyValueSpecification","valueRequired":true,"valueName":"search_term_string"}}],"inLanguage":"fr-CA"},{"@type":"Organization","@id":"https:\/\/moduloc.ca\/fr\/#organization","name":"Modu-Loc Canada","url":"https:\/\/moduloc.ca\/fr\/","logo":{"@type":"ImageObject","inLanguage":"fr-CA","@id":"https:\/\/moduloc.ca\/fr\/#\/schema\/logo\/image\/","url":"https:\/\/moduloc.ca\/wp-content\/uploads\/2021\/11\/Moduloc-Logo1.svg","contentUrl":"https:\/\/moduloc.ca\/wp-content\/uploads\/2021\/11\/Moduloc-Logo1.svg","width":"1024","height":"1024","caption":"Modu-Loc Canada"},"image":{"@id":"https:\/\/moduloc.ca\/fr\/#\/schema\/logo\/image\/"},"sameAs":["https:\/\/x.com\/ModulocFence","https:\/\/www.instagram.com\/moduloc\/","https:\/\/www.linkedin.com\/company\/modu-loc-fence-rentals-ltd\/","https:\/\/www.youtube.com\/modulocfencerentals"]},{"@type":"Person","@id":"https:\/\/moduloc.ca\/fr\/#\/schema\/person\/a415c988ab307101b61c806f20c40faa","name":"Stephani Hnetinka","image":{"@type":"ImageObject","inLanguage":"fr-CA","@id":"https:\/\/secure.gravatar.com\/avatar\/901d6a2628dcf6772c66630215a31ef717a2fe9a070fd53ba629b81f272e3a98?s=96&d=mm&r=g","url":"https:\/\/secure.gravatar.com\/avatar\/901d6a2628dcf6772c66630215a31ef717a2fe9a070fd53ba629b81f272e3a98?s=96&d=mm&r=g","contentUrl":"https:\/\/secure.gravatar.com\/avatar\/901d6a2628dcf6772c66630215a31ef717a2fe9a070fd53ba629b81f272e3a98?s=96&d=mm&r=g","caption":"Stephani Hnetinka"},"description":"Stephani is a Marketing Assistant who has been working with Modu-Loc Fence Rentals since 2018. She enjoys writing about construction, and loves anything and everything to do with temporary fencing solutions.","sameAs":["http:\/\/linkedin.com\/in\/stephanihnetinka"],"url":"https:\/\/moduloc.ca\/fr\/blog\/author\/shnetinka\/"}]}},"_links":{"self":[{"href":"https:\/\/moduloc.ca\/fr\/wp-json\/wp\/v2\/posts\/2890","targetHints":{"allow":["GET"]}}],"collection":[{"href":"https:\/\/moduloc.ca\/fr\/wp-json\/wp\/v2\/posts"}],"about":[{"href":"https:\/\/moduloc.ca\/fr\/wp-json\/wp\/v2\/types\/post"}],"author":[{"embeddable":true,"href":"https:\/\/moduloc.ca\/fr\/wp-json\/wp\/v2\/users\/3"}],"replies":[{"embeddable":true,"href":"https:\/\/moduloc.ca\/fr\/wp-json\/wp\/v2\/comments?post=2890"}],"version-history":[{"count":9,"href":"https:\/\/moduloc.ca\/fr\/wp-json\/wp\/v2\/posts\/2890\/revisions"}],"predecessor-version":[{"id":4570,"href":"https:\/\/moduloc.ca\/fr\/wp-json\/wp\/v2\/posts\/2890\/revisions\/4570"}],"wp:featuredmedia":[{"embeddable":true,"href":"https:\/\/moduloc.ca\/fr\/wp-json\/wp\/v2\/media\/2882"}],"wp:attachment":[{"href":"https:\/\/moduloc.ca\/fr\/wp-json\/wp\/v2\/media?parent=2890"}],"wp:term":[{"taxonomy":"category","embeddable":true,"href":"https:\/\/moduloc.ca\/fr\/wp-json\/wp\/v2\/categories?post=2890"},{"taxonomy":"post_tag","embeddable":true,"href":"https:\/\/moduloc.ca\/fr\/wp-json\/wp\/v2\/tags?post=2890"}],"curies":[{"name":"wp","href":"https:\/\/api.w.org\/{rel}","templated":true}]}}