{"id":2433,"date":"2020-03-24T10:32:46","date_gmt":"2020-03-24T14:32:46","guid":{"rendered":"https:\/\/moduloc.ca\/covid-19-update-is-modu-loc-open\/"},"modified":"2022-07-05T18:55:05","modified_gmt":"2022-07-05T18:55:05","slug":"covid-19-mise-a-jour-est-modu-loc-ouvert","status":"publish","type":"post","link":"https:\/\/moduloc.ca\/fr\/blog\/covid-19-mise-a-jour-est-modu-loc-ouvert\/","title":{"rendered":"COVID-19 Mise \u00e0 jour: Est-ce-que Modu-Loc est ouvert ?"},"content":{"rendered":"<p><em>Derni\u00e8re mise \u00e0 jour le 14 janvier 2021<\/em><\/p>\n<p>En ces temps d\u2019incertitude, nous souhaitons rassurer nos clients sur le fait que toutes les succursales de Modu-Loc au Canada restent <strong>ouvertes jusqu\u2019\u00e0 nouvel ordre<\/strong>. En tant que fournisseur de cl\u00f4tures temporaires pour les activit\u00e9s de construction essentiels, les files d&rsquo;attente de vente au d\u00e9tail et les zones de ramassage, les mesures de distanciation sociale et les situations d&rsquo;urgence, les services de Modu-Loc ont \u00e9t\u00e9 jug\u00e9 essentiel. Nous continuons \u00e0 servir nos clients tout en respectant les normes de sant\u00e9 et de s\u00e9curit\u00e9 actuelles et les recommandations des responsables de la sant\u00e9 publique.<\/p>\n<p>Comme beaucoup d\u2019entre vous, nous avons apport\u00e9 quelques ajustements \u00e0 notre fonctionnement afin de prot\u00e9ger la sant\u00e9 et la s\u00e9curit\u00e9 de nos employ\u00e9s, clients et partenaires. Le bien-\u00eatre de toutes nos parties prenantes est d\u2019une importance capitale pour nous.<\/p>\n<h2><strong>Comment sommes-nous pr\u00e9par\u00e9 \u00e0 la COVID-19 Chez Modu-Loc?<\/strong><\/h2>\n<p>Modu-Loc a mis en place une \u00e9quipe d\u2019intervention d\u00e9di\u00e9e compos\u00e9e de membres de notre \u00e9quipe de Leadership. L\u2019\u00e9quipe d\u2019intervention est constitu\u00e9e de repr\u00e9sentants qui comprennent et qui sont impliqu\u00e9s dans les domaines juridiques, de la sant\u00e9 et de la s\u00e9curit\u00e9, des op\u00e9rations et des communications. Cette \u00e9quipe d\u2019intervention aura pour t\u00e2che de :<\/p>\n<ul>\n<li>\u00c9laborer un plan global de communication et d\u2019urgence et de mettre le plan \u00e0 jour \u00e0 mesure que la COVID-19 continue d\u2019\u00e9voluer;<\/li>\n<li>Maintenir une liste des personnes-ressources cl\u00e9s comprenant les employ\u00e9s, les fournisseurs et les prestataires de services et toute autre personne cl\u00e9;<\/li>\n<li>Assurer la liaison entre Modu-Loc et les soci\u00e9t\u00e9s affili\u00e9es, les employ\u00e9s, les sous-traitants, les fournisseurs, les prestataires de services, les clients, les assureurs, les organismes de r\u00e9glementation, le gouvernement et les autorit\u00e9s de sant\u00e9 publique;<\/li>\n<li>D\u00e9terminer les d\u00e9clencheurs de toute action \u00e0 entreprendre au sein de notre entreprise en r\u00e9ponse \u00e0 la COVID-19, notamment:\n<ul>\n<li>Les personnes autoris\u00e9es \u00e0 prendre des d\u00e9cisions et \u00e0 quel niveau de l\u2019entreprise;<\/li>\n<li>Les personnes charg\u00e9es des communications, les personnes approuvant les messages \u00e0 communiquer et la fa\u00e7on dont ces messages seront communiqu\u00e9s; et<\/li>\n<\/ul>\n<\/li>\n<li>Examiner la mesure dans laquelle notre entreprise peut subir des perturbations des activit\u00e9s courantes, y compris la fa\u00e7on dont les besoins en effectifs sont combl\u00e9s, l\u2019incidence sur les employ\u00e9s, les sous-traitants, les fournisseurs, les prestataires de services et les clients.<\/li>\n<\/ul>\n<p>Avec l&rsquo;aide de la <a href=\"https:\/\/www.cegq.com\/\">Corporation des entrepreneurs g\u00e9n\u00e9raux du Qu\u00e9bec<\/a> (CEGQ) et des chefs de file de l&rsquo;industrie, notre \u00e9quipe d&rsquo;intervention a \u00e9labor\u00e9 un plan d&rsquo;action et d&rsquo;intervention COVID-19 d\u00e9taill\u00e9 pour prot\u00e9ger la s\u00e9curit\u00e9 et le bien-\u00eatre de nos intervenants. Ce plan int\u00e8gre les mesures d\u00e9taill\u00e9es ci-dessous dans une politique COVID-19 globale respect\u00e9e par l&rsquo;ensemble de notre organisation.<\/p>\n<p>D\u00e9couvrez notre plan et pourquoi nous sommes reconnus en tant que fournisseur engag\u00e9 COVID-19 <a href=\"\/fr\/blog\/modu-loc-est-un-fournisseur-engage\/\">ici<\/a>.<\/p>\n<h2><strong>Quelles mesures ont \u00e9t\u00e9 prisent chez Modu-Loc pour r\u00e9duire les risques pour les employ\u00e9s?<\/strong><\/h2>\n<p>Pour l&rsquo;instant, et conform\u00e9ment aux recommandations des responsables de la sant\u00e9 publique, nous avons mis en place les actions suivantes:<\/p>\n<h3><u>Pour tous les employ\u00e9s:<\/u><\/h3>\n<ul>\n<li>Mesures de travail \u00e0 domicile pour tous les employ\u00e9s de Modu-Loc qui peuvent travailler \u00e0 distance<\/li>\n<li>Une politique stricte de non-voyage<\/li>\n<li>Annulation de tout \u00e9v\u00e9nement programm\u00e9 pr\u00e9c\u00e9demment regroupant les employ\u00e9s<\/li>\n<li>Un moratoire sur les r\u00e9unions en personne, avec un accent sur le passage aux m\u00e9thodes virtuelles en utilisant des outils de collaboration \u00e0 distance<\/li>\n<li>Une exigence selon laquelle tout employ\u00e9 qui pr\u00e9sente des sympt\u00f4mes d\u2019une maladie respiratoire doit rester \u00e0 la maison<\/li>\n<li>Assainissement fr\u00e9quent et rigoureux des espaces communs et surfaces hautement touch\u00e9es dans nos d\u00e9p\u00f4ts, par exemple les poign\u00e9es de porte, tables de salle \u00e0 manger et interrupteurs<\/li>\n<li>Du d\u00e9sinfectant pour les mains est mis \u00e0 disposition aux entr\u00e9es principales et dans les espaces communs<\/li>\n<li>Les masques sont rendus obligatoires pour tous les employ\u00e9s dans toutes les zones de travail, y compris les v\u00e9hicules d&rsquo;entreprise, les entrep\u00f4ts et les cours<\/li>\n<li>Communication fr\u00e9quente concernant l\u2019importance de l\u2019hygi\u00e8ne personnelle, de la propret\u00e9 et de l\u2019\u00e9loignement social, avec des informations provenant de ressources fiables<\/li>\n<\/ul>\n<h3><u>Pour nos \u00e9quipes de livraison et d&rsquo;installation<\/u><\/h3>\n<ul>\n<li>D\u00e9sinfectant pour les mains pour nos \u00e9quipes de livraison et d\u2019installation<\/li>\n<li>Nettoyage fr\u00e9quent et rigoureux de nos camions<\/li>\n<li>Une limite de deux employ\u00e9s par camion, avec des \u00e9quipes fixes affect\u00e9es \u00e0 un camion d\u00e9di\u00e9 pour \u00e9viter la contamination crois\u00e9e<\/li>\n<li>Les heures de d\u00e9but et de pauses sont d\u00e9cal\u00e9es pour minimiser les interactions sociales<\/li>\n<\/ul>\n<h2><strong>\u00c0 quoi nos clients peuvent-ils s&rsquo;attendre?<\/strong><\/h2>\n<p>Alors que nous continuons \u00e0 servir nos clients dans nos succursales et sur les sites, nous vous demandons votre coop\u00e9ration dans la lutte contre la COVID-19. Les mesures suivantes n\u00e9cessiteront de petits ajustements dans la fa\u00e7on dont nous menons nos activit\u00e9s, mais elles sont n\u00e9cessaires pour aider \u00e0 prot\u00e9ger nos clients et nos employ\u00e9s:<\/p>\n<ul>\n<li>Pour l\u2019instant, tous les documents \u00e9lectroniques seront remplis sur place par nos chauffeurs, au nom du client. Cela limitera le nombre de contacts directs que nos clients ont avec nos conducteurs et leurs tablettes.<\/li>\n<li>Dans la mesure du possible, nous demandons aux clients d\u2019envisager de nous permettre de livrer la cl\u00f4ture au lieu de l\u2019installer, afin de limiter le temps que nos \u00e9quipes passent sur le site.<\/li>\n<li>Envisagez de louer ou d\u2019acheter nos panneaux compacts afin de limiter le nombre de sous-traitants sur votre chantier. Les panneaux compacts peuvent \u00eatre livr\u00e9s ou ramass\u00e9s dans l\u2019un de nos d\u00e9p\u00f4ts et sont con\u00e7us pour \u00eatre faciles \u00e0 installer \u2013 afin que les clients puissent installer eux-m\u00eames leur cl\u00f4ture temporaire, \u00e9liminant ainsi le besoin de nos installateurs.<\/li>\n<li>Si une installation \u00e0 service complet est requise, nous demandons une flexibilit\u00e9 dans la planification des travaux afin d\u2019\u00e9viter les heures de pointe \u2013 en particulier si le site conna\u00eet un trafic \u00e9lev\u00e9 (par exemple un magasin de vente au d\u00e9tail).<\/li>\n<li>Nous demandons aux clients de pratiquer la distance sociale lorsqu\u2019ils ramassent ou d\u00e9posent du mat\u00e9riel dans nos d\u00e9p\u00f4ts. Les employ\u00e9s ont \u00e9t\u00e9 invit\u00e9s \u00e0 \u00e9viter tout contact direct, comme une poign\u00e9e de main. Nous appr\u00e9cions votre compr\u00e9hension car nous renon\u00e7ons \u00e0 certaines normes sociales en faveur de la sant\u00e9 et de la s\u00e9curit\u00e9.<\/li>\n<li>Conform\u00e9ment aux directives locales de sant\u00e9 publique, les clients entrant dans nos d\u00e9p\u00f4ts doivent porter un masque.<\/li>\n<li>Veuillez vous abstenir de visiter nos d\u00e9p\u00f4ts en personne si vous pr\u00e9sentez des sympt\u00f4mes de maladie respiratoire ou si vous pensez avoir \u00e9t\u00e9 en contact avec une personne atteinte de la COVID-19.<\/li>\n<li>Conform\u00e9ment aux recommandations des responsables de la sant\u00e9 publique, nous encourageons tous nos clients \u00e0 privil\u00e9gier les communications t\u00e9l\u00e9phoniques ou par courriel par rapport aux visites en personne dans nos d\u00e9p\u00f4ts. Sauf si vous ramassez ou d\u00e9posez des mat\u00e9riaux, veuillez nous contacter :<\/li>\n<\/ul>\n<h3><strong>T\u00e9l\u00e9phone<\/strong><\/h3>\n<p>Sans frais: 1-877-522-8371<br \/>\nLes num\u00e9ros locaux de nos succursales peuvent \u00eatre trouv\u00e9s <a href=\"https:\/\/moduloc.ca\/fr\/contactez-nous\/\">sur notre site Internet<\/a>.<\/p>\n<h3><strong>Courriel<\/strong><\/h3>\n<p>Demandes pour les vente: <a href=\"mailto:sales@moduloc.ca\">sales@moduloc.ca<\/a><br \/>\nDemandes pour la facturation: <a href=\"mailto:billing@moduloc.ca\">billing@moduloc.ca<\/a><br \/>\nDemandes pour le service \u00e0 la client\u00e8le: <a href=\"mailto:customerservice@moduloc.ca\">customerservice@moduloc.ca<\/a><\/p>\n<h3><strong>Formulaire de contact<\/strong><\/h3>\n<p>Vous pouvez \u00e9galement nous joindre via notre <a href=\"https:\/\/moduloc.ca\/fr\/contactez-nous\/\">formulaire de contact en ligne<\/a>.<\/p>\n<p>Si vous avez des pr\u00e9occupations sp\u00e9cifiquement li\u00e9es \u00e0 la fa\u00e7on dont nous traitons les risques li\u00e9s au COVID-19, veuillez contacter notre \u00e9quipe d&rsquo;intervention d\u00e9di\u00e9e \u00e0 l\u2019adresse courriel <a href=\"mailto:responseteam@moduloc.ca\">responseteam@moduloc.ca<\/a>.<\/p>\n<p>&nbsp;<\/p>\n<p>Modu-Loc reste pr\u00eat et capable de r\u00e9pondre aux besoins de nos clients pendant cette p\u00e9riode difficile. Comme cette situation sans pr\u00e9c\u00e9dent \u00e9volue rapidement, nous continuerons de tenir nos clients inform\u00e9s de tout impact potentiel sur nos op\u00e9rations.<\/p>\n<p>Pendant ce temps, nous continuerons de suivre les recommandations \u00e9tablies par les responsables de la sant\u00e9 publique et ferons tout notre possible pour prot\u00e9ger le bien-\u00eatre de nos employ\u00e9s, de nos clients et de nos partenaires. Nous vous remercions \u00e0 l\u2019avance de votre coop\u00e9ration et nous nous r\u00e9jouissons de vous soutenir pendant cette p\u00e9riode.<\/p>\n","protected":false},"excerpt":{"rendered":"Derni\u00e8re mise \u00e0 jour le 14 janvier 2021 En ces temps d\u2019incertitude, nous souhaitons rassurer nos clients sur le fait que toutes les succursales de Modu-Loc au Canada restent ouvertes jusqu\u2019\u00e0 nouvel ordre. En tant que fournisseur de cl\u00f4tures temporaires pour les activit\u00e9s de construction essentiels, les files d&rsquo;attente de vente au d\u00e9tail et les [&hellip;]","protected":false},"author":2,"featured_media":2432,"comment_status":"closed","ping_status":"closed","sticky":false,"template":"","format":"standard","meta":{"_acf_changed":false,"inline_featured_image":false,"footnotes":""},"categories":[137,140],"tags":[],"class_list":["post-2433","post","type-post","status-publish","format-standard","has-post-thumbnail","hentry","category-corporate-fr","category-sante-et-securite"],"acf":[],"yoast_head":"<!-- This site is optimized with the Yoast SEO plugin v27.5 - https:\/\/yoast.com\/product\/yoast-seo-wordpress\/ -->\n<title>COVID-19 Mise \u00e0 jour: Est-ce-que Modu-Loc est ouvert ? | Modu-Loc Canada<\/title>\n<meta name=\"description\" content=\"En ces temps d\u2019incertitude, nous tenons \u00e0 rassurer nos clients sur le fait que toutes les succursales de Modu-Loc \u00e0 travers le Canada restent ouverts.\" \/>\n<meta name=\"robots\" content=\"index, follow, max-snippet:-1, max-image-preview:large, max-video-preview:-1\" \/>\n<link rel=\"canonical\" href=\"https:\/\/moduloc.ca\/fr\/blog\/covid-19-mise-a-jour-est-modu-loc-ouvert\/\" \/>\n<meta property=\"og:locale\" content=\"fr_CA\" \/>\n<meta property=\"og:type\" content=\"article\" \/>\n<meta property=\"og:title\" content=\"COVID-19 Mise \u00e0 jour: Est-ce-que Modu-Loc est ouvert ? | Modu-Loc Canada\" \/>\n<meta property=\"og:description\" content=\"En ces temps d\u2019incertitude, nous tenons \u00e0 rassurer nos clients sur le fait que toutes les succursales de Modu-Loc \u00e0 travers le Canada restent ouverts.\" \/>\n<meta property=\"og:url\" content=\"https:\/\/moduloc.ca\/fr\/blog\/covid-19-mise-a-jour-est-modu-loc-ouvert\/\" \/>\n<meta property=\"og:site_name\" content=\"Modu-Loc Canada\" \/>\n<meta property=\"article:published_time\" content=\"2020-03-24T14:32:46+00:00\" \/>\n<meta property=\"article:modified_time\" content=\"2022-07-05T18:55:05+00:00\" \/>\n<meta property=\"og:image\" content=\"https:\/\/moduloc.ca\/wp-content\/uploads\/2020\/03\/Moduloc_construction_resized-2.jpg\" \/>\n\t<meta property=\"og:image:width\" content=\"1000\" \/>\n\t<meta property=\"og:image:height\" content=\"624\" \/>\n\t<meta property=\"og:image:type\" content=\"image\/jpeg\" \/>\n<meta name=\"author\" content=\"Joanna Bieda\" \/>\n<meta name=\"twitter:card\" content=\"summary_large_image\" \/>\n<meta name=\"twitter:creator\" content=\"@ModulocFence\" \/>\n<meta name=\"twitter:site\" content=\"@ModulocFence\" \/>\n<meta name=\"twitter:label1\" content=\"\u00c9crit par\" \/>\n\t<meta name=\"twitter:data1\" content=\"Joanna Bieda\" \/>\n\t<meta name=\"twitter:label2\" content=\"Estimation du temps de lecture\" \/>\n\t<meta name=\"twitter:data2\" content=\"7 minutes\" \/>\n<script type=\"application\/ld+json\" class=\"yoast-schema-graph\">{\"@context\":\"https:\\\/\\\/schema.org\",\"@graph\":[{\"@type\":\"Article\",\"@id\":\"https:\\\/\\\/moduloc.ca\\\/fr\\\/blog\\\/covid-19-mise-a-jour-est-modu-loc-ouvert\\\/#article\",\"isPartOf\":{\"@id\":\"https:\\\/\\\/moduloc.ca\\\/fr\\\/blog\\\/covid-19-mise-a-jour-est-modu-loc-ouvert\\\/\"},\"author\":{\"name\":\"Joanna Bieda\",\"@id\":\"https:\\\/\\\/moduloc.ca\\\/fr\\\/#\\\/schema\\\/person\\\/cb5dc6a3472f4ba5d9f9db4551925cf3\"},\"headline\":\"COVID-19 Mise \u00e0 jour: Est-ce-que Modu-Loc est ouvert ?\",\"datePublished\":\"2020-03-24T14:32:46+00:00\",\"dateModified\":\"2022-07-05T18:55:05+00:00\",\"mainEntityOfPage\":{\"@id\":\"https:\\\/\\\/moduloc.ca\\\/fr\\\/blog\\\/covid-19-mise-a-jour-est-modu-loc-ouvert\\\/\"},\"wordCount\":1405,\"publisher\":{\"@id\":\"https:\\\/\\\/moduloc.ca\\\/fr\\\/#organization\"},\"image\":{\"@id\":\"https:\\\/\\\/moduloc.ca\\\/fr\\\/blog\\\/covid-19-mise-a-jour-est-modu-loc-ouvert\\\/#primaryimage\"},\"thumbnailUrl\":\"https:\\\/\\\/moduloc.ca\\\/wp-content\\\/uploads\\\/2020\\\/03\\\/Moduloc_construction_resized-2.jpg\",\"articleSection\":[\"D\u2019entreprise\",\"Sant\u00e9 et s\u00e9curit\u00e9\"],\"inLanguage\":\"fr-CA\"},{\"@type\":\"WebPage\",\"@id\":\"https:\\\/\\\/moduloc.ca\\\/fr\\\/blog\\\/covid-19-mise-a-jour-est-modu-loc-ouvert\\\/\",\"url\":\"https:\\\/\\\/moduloc.ca\\\/fr\\\/blog\\\/covid-19-mise-a-jour-est-modu-loc-ouvert\\\/\",\"name\":\"COVID-19 Mise \u00e0 jour: Est-ce-que Modu-Loc est ouvert ? | Modu-Loc Canada\",\"isPartOf\":{\"@id\":\"https:\\\/\\\/moduloc.ca\\\/fr\\\/#website\"},\"primaryImageOfPage\":{\"@id\":\"https:\\\/\\\/moduloc.ca\\\/fr\\\/blog\\\/covid-19-mise-a-jour-est-modu-loc-ouvert\\\/#primaryimage\"},\"image\":{\"@id\":\"https:\\\/\\\/moduloc.ca\\\/fr\\\/blog\\\/covid-19-mise-a-jour-est-modu-loc-ouvert\\\/#primaryimage\"},\"thumbnailUrl\":\"https:\\\/\\\/moduloc.ca\\\/wp-content\\\/uploads\\\/2020\\\/03\\\/Moduloc_construction_resized-2.jpg\",\"datePublished\":\"2020-03-24T14:32:46+00:00\",\"dateModified\":\"2022-07-05T18:55:05+00:00\",\"description\":\"En ces temps d\u2019incertitude, nous tenons \u00e0 rassurer nos clients sur le fait que toutes les succursales de Modu-Loc \u00e0 travers le Canada restent ouverts.\",\"breadcrumb\":{\"@id\":\"https:\\\/\\\/moduloc.ca\\\/fr\\\/blog\\\/covid-19-mise-a-jour-est-modu-loc-ouvert\\\/#breadcrumb\"},\"inLanguage\":\"fr-CA\",\"potentialAction\":[{\"@type\":\"ReadAction\",\"target\":[\"https:\\\/\\\/moduloc.ca\\\/fr\\\/blog\\\/covid-19-mise-a-jour-est-modu-loc-ouvert\\\/\"]}]},{\"@type\":\"ImageObject\",\"inLanguage\":\"fr-CA\",\"@id\":\"https:\\\/\\\/moduloc.ca\\\/fr\\\/blog\\\/covid-19-mise-a-jour-est-modu-loc-ouvert\\\/#primaryimage\",\"url\":\"https:\\\/\\\/moduloc.ca\\\/wp-content\\\/uploads\\\/2020\\\/03\\\/Moduloc_construction_resized-2.jpg\",\"contentUrl\":\"https:\\\/\\\/moduloc.ca\\\/wp-content\\\/uploads\\\/2020\\\/03\\\/Moduloc_construction_resized-2.jpg\",\"width\":1000,\"height\":624},{\"@type\":\"BreadcrumbList\",\"@id\":\"https:\\\/\\\/moduloc.ca\\\/fr\\\/blog\\\/covid-19-mise-a-jour-est-modu-loc-ouvert\\\/#breadcrumb\",\"itemListElement\":[{\"@type\":\"ListItem\",\"position\":1,\"name\":\"Home\",\"item\":\"https:\\\/\\\/moduloc.ca\\\/fr\\\/\"},{\"@type\":\"ListItem\",\"position\":2,\"name\":\"COVID-19 Mise \u00e0 jour: Est-ce-que Modu-Loc est ouvert ?\"}]},{\"@type\":\"WebSite\",\"@id\":\"https:\\\/\\\/moduloc.ca\\\/fr\\\/#website\",\"url\":\"https:\\\/\\\/moduloc.ca\\\/fr\\\/\",\"name\":\"Modu-Loc Canada\",\"description\":\"SECURING WHAT MATTERS.\",\"publisher\":{\"@id\":\"https:\\\/\\\/moduloc.ca\\\/fr\\\/#organization\"},\"potentialAction\":[{\"@type\":\"SearchAction\",\"target\":{\"@type\":\"EntryPoint\",\"urlTemplate\":\"https:\\\/\\\/moduloc.ca\\\/fr\\\/?s={search_term_string}\"},\"query-input\":{\"@type\":\"PropertyValueSpecification\",\"valueRequired\":true,\"valueName\":\"search_term_string\"}}],\"inLanguage\":\"fr-CA\"},{\"@type\":\"Organization\",\"@id\":\"https:\\\/\\\/moduloc.ca\\\/fr\\\/#organization\",\"name\":\"Modu-Loc Canada\",\"url\":\"https:\\\/\\\/moduloc.ca\\\/fr\\\/\",\"logo\":{\"@type\":\"ImageObject\",\"inLanguage\":\"fr-CA\",\"@id\":\"https:\\\/\\\/moduloc.ca\\\/fr\\\/#\\\/schema\\\/logo\\\/image\\\/\",\"url\":\"https:\\\/\\\/moduloc.ca\\\/wp-content\\\/uploads\\\/2021\\\/11\\\/Moduloc-Logo1.svg\",\"contentUrl\":\"https:\\\/\\\/moduloc.ca\\\/wp-content\\\/uploads\\\/2021\\\/11\\\/Moduloc-Logo1.svg\",\"width\":\"1024\",\"height\":\"1024\",\"caption\":\"Modu-Loc Canada\"},\"image\":{\"@id\":\"https:\\\/\\\/moduloc.ca\\\/fr\\\/#\\\/schema\\\/logo\\\/image\\\/\"},\"sameAs\":[\"https:\\\/\\\/x.com\\\/ModulocFence\",\"https:\\\/\\\/www.instagram.com\\\/moduloc\\\/\",\"https:\\\/\\\/www.linkedin.com\\\/company\\\/modu-loc-fence-rentals-ltd\\\/\",\"https:\\\/\\\/www.youtube.com\\\/modulocfencerentals\"]},{\"@type\":\"Person\",\"@id\":\"https:\\\/\\\/moduloc.ca\\\/fr\\\/#\\\/schema\\\/person\\\/cb5dc6a3472f4ba5d9f9db4551925cf3\",\"name\":\"Joanna Bieda\",\"image\":{\"@type\":\"ImageObject\",\"inLanguage\":\"fr-CA\",\"@id\":\"https:\\\/\\\/secure.gravatar.com\\\/avatar\\\/c5c7023f53b0c13484b5249a31b29c4313216982b680a3a3a40a28a125adc0d8?s=96&d=mm&r=g\",\"url\":\"https:\\\/\\\/secure.gravatar.com\\\/avatar\\\/c5c7023f53b0c13484b5249a31b29c4313216982b680a3a3a40a28a125adc0d8?s=96&d=mm&r=g\",\"contentUrl\":\"https:\\\/\\\/secure.gravatar.com\\\/avatar\\\/c5c7023f53b0c13484b5249a31b29c4313216982b680a3a3a40a28a125adc0d8?s=96&d=mm&r=g\",\"caption\":\"Joanna Bieda\"},\"description\":\"Joanna Bieda is the Director of Marketing and Communications at Modu-Loc Fence Rentals, and has been with the company since 2014. She loves writing and is a self-professed data nerd. She thoroughly enjoys teaching customers about all things fence via Modu-Loc's blog.\",\"sameAs\":[\"https:\\\/\\\/www.linkedin.com\\\/in\\\/joannabieda\\\/\"],\"url\":\"https:\\\/\\\/moduloc.ca\\\/fr\\\/blog\\\/author\\\/jbieda\\\/\"}]}<\/script>\n<!-- \/ Yoast SEO plugin. -->","yoast_head_json":{"title":"COVID-19 Mise \u00e0 jour: Est-ce-que Modu-Loc est ouvert ? | Modu-Loc Canada","description":"En ces temps d\u2019incertitude, nous tenons \u00e0 rassurer nos clients sur le fait que toutes les succursales de Modu-Loc \u00e0 travers le Canada restent ouverts.","robots":{"index":"index","follow":"follow","max-snippet":"max-snippet:-1","max-image-preview":"max-image-preview:large","max-video-preview":"max-video-preview:-1"},"canonical":"https:\/\/moduloc.ca\/fr\/blog\/covid-19-mise-a-jour-est-modu-loc-ouvert\/","og_locale":"fr_CA","og_type":"article","og_title":"COVID-19 Mise \u00e0 jour: Est-ce-que Modu-Loc est ouvert ? | Modu-Loc Canada","og_description":"En ces temps d\u2019incertitude, nous tenons \u00e0 rassurer nos clients sur le fait que toutes les succursales de Modu-Loc \u00e0 travers le Canada restent ouverts.","og_url":"https:\/\/moduloc.ca\/fr\/blog\/covid-19-mise-a-jour-est-modu-loc-ouvert\/","og_site_name":"Modu-Loc Canada","article_published_time":"2020-03-24T14:32:46+00:00","article_modified_time":"2022-07-05T18:55:05+00:00","og_image":[{"width":1000,"height":624,"url":"https:\/\/moduloc.ca\/wp-content\/uploads\/2020\/03\/Moduloc_construction_resized-2.jpg","type":"image\/jpeg"}],"author":"Joanna Bieda","twitter_card":"summary_large_image","twitter_creator":"@ModulocFence","twitter_site":"@ModulocFence","twitter_misc":{"\u00c9crit par":"Joanna Bieda","Estimation du temps de lecture":"7 minutes"},"schema":{"@context":"https:\/\/schema.org","@graph":[{"@type":"Article","@id":"https:\/\/moduloc.ca\/fr\/blog\/covid-19-mise-a-jour-est-modu-loc-ouvert\/#article","isPartOf":{"@id":"https:\/\/moduloc.ca\/fr\/blog\/covid-19-mise-a-jour-est-modu-loc-ouvert\/"},"author":{"name":"Joanna Bieda","@id":"https:\/\/moduloc.ca\/fr\/#\/schema\/person\/cb5dc6a3472f4ba5d9f9db4551925cf3"},"headline":"COVID-19 Mise \u00e0 jour: Est-ce-que Modu-Loc est ouvert ?","datePublished":"2020-03-24T14:32:46+00:00","dateModified":"2022-07-05T18:55:05+00:00","mainEntityOfPage":{"@id":"https:\/\/moduloc.ca\/fr\/blog\/covid-19-mise-a-jour-est-modu-loc-ouvert\/"},"wordCount":1405,"publisher":{"@id":"https:\/\/moduloc.ca\/fr\/#organization"},"image":{"@id":"https:\/\/moduloc.ca\/fr\/blog\/covid-19-mise-a-jour-est-modu-loc-ouvert\/#primaryimage"},"thumbnailUrl":"https:\/\/moduloc.ca\/wp-content\/uploads\/2020\/03\/Moduloc_construction_resized-2.jpg","articleSection":["D\u2019entreprise","Sant\u00e9 et s\u00e9curit\u00e9"],"inLanguage":"fr-CA"},{"@type":"WebPage","@id":"https:\/\/moduloc.ca\/fr\/blog\/covid-19-mise-a-jour-est-modu-loc-ouvert\/","url":"https:\/\/moduloc.ca\/fr\/blog\/covid-19-mise-a-jour-est-modu-loc-ouvert\/","name":"COVID-19 Mise \u00e0 jour: Est-ce-que Modu-Loc est ouvert ? | Modu-Loc Canada","isPartOf":{"@id":"https:\/\/moduloc.ca\/fr\/#website"},"primaryImageOfPage":{"@id":"https:\/\/moduloc.ca\/fr\/blog\/covid-19-mise-a-jour-est-modu-loc-ouvert\/#primaryimage"},"image":{"@id":"https:\/\/moduloc.ca\/fr\/blog\/covid-19-mise-a-jour-est-modu-loc-ouvert\/#primaryimage"},"thumbnailUrl":"https:\/\/moduloc.ca\/wp-content\/uploads\/2020\/03\/Moduloc_construction_resized-2.jpg","datePublished":"2020-03-24T14:32:46+00:00","dateModified":"2022-07-05T18:55:05+00:00","description":"En ces temps d\u2019incertitude, nous tenons \u00e0 rassurer nos clients sur le fait que toutes les succursales de Modu-Loc \u00e0 travers le Canada restent ouverts.","breadcrumb":{"@id":"https:\/\/moduloc.ca\/fr\/blog\/covid-19-mise-a-jour-est-modu-loc-ouvert\/#breadcrumb"},"inLanguage":"fr-CA","potentialAction":[{"@type":"ReadAction","target":["https:\/\/moduloc.ca\/fr\/blog\/covid-19-mise-a-jour-est-modu-loc-ouvert\/"]}]},{"@type":"ImageObject","inLanguage":"fr-CA","@id":"https:\/\/moduloc.ca\/fr\/blog\/covid-19-mise-a-jour-est-modu-loc-ouvert\/#primaryimage","url":"https:\/\/moduloc.ca\/wp-content\/uploads\/2020\/03\/Moduloc_construction_resized-2.jpg","contentUrl":"https:\/\/moduloc.ca\/wp-content\/uploads\/2020\/03\/Moduloc_construction_resized-2.jpg","width":1000,"height":624},{"@type":"BreadcrumbList","@id":"https:\/\/moduloc.ca\/fr\/blog\/covid-19-mise-a-jour-est-modu-loc-ouvert\/#breadcrumb","itemListElement":[{"@type":"ListItem","position":1,"name":"Home","item":"https:\/\/moduloc.ca\/fr\/"},{"@type":"ListItem","position":2,"name":"COVID-19 Mise \u00e0 jour: Est-ce-que Modu-Loc est ouvert ?"}]},{"@type":"WebSite","@id":"https:\/\/moduloc.ca\/fr\/#website","url":"https:\/\/moduloc.ca\/fr\/","name":"Modu-Loc Canada","description":"SECURING WHAT MATTERS.","publisher":{"@id":"https:\/\/moduloc.ca\/fr\/#organization"},"potentialAction":[{"@type":"SearchAction","target":{"@type":"EntryPoint","urlTemplate":"https:\/\/moduloc.ca\/fr\/?s={search_term_string}"},"query-input":{"@type":"PropertyValueSpecification","valueRequired":true,"valueName":"search_term_string"}}],"inLanguage":"fr-CA"},{"@type":"Organization","@id":"https:\/\/moduloc.ca\/fr\/#organization","name":"Modu-Loc Canada","url":"https:\/\/moduloc.ca\/fr\/","logo":{"@type":"ImageObject","inLanguage":"fr-CA","@id":"https:\/\/moduloc.ca\/fr\/#\/schema\/logo\/image\/","url":"https:\/\/moduloc.ca\/wp-content\/uploads\/2021\/11\/Moduloc-Logo1.svg","contentUrl":"https:\/\/moduloc.ca\/wp-content\/uploads\/2021\/11\/Moduloc-Logo1.svg","width":"1024","height":"1024","caption":"Modu-Loc Canada"},"image":{"@id":"https:\/\/moduloc.ca\/fr\/#\/schema\/logo\/image\/"},"sameAs":["https:\/\/x.com\/ModulocFence","https:\/\/www.instagram.com\/moduloc\/","https:\/\/www.linkedin.com\/company\/modu-loc-fence-rentals-ltd\/","https:\/\/www.youtube.com\/modulocfencerentals"]},{"@type":"Person","@id":"https:\/\/moduloc.ca\/fr\/#\/schema\/person\/cb5dc6a3472f4ba5d9f9db4551925cf3","name":"Joanna Bieda","image":{"@type":"ImageObject","inLanguage":"fr-CA","@id":"https:\/\/secure.gravatar.com\/avatar\/c5c7023f53b0c13484b5249a31b29c4313216982b680a3a3a40a28a125adc0d8?s=96&d=mm&r=g","url":"https:\/\/secure.gravatar.com\/avatar\/c5c7023f53b0c13484b5249a31b29c4313216982b680a3a3a40a28a125adc0d8?s=96&d=mm&r=g","contentUrl":"https:\/\/secure.gravatar.com\/avatar\/c5c7023f53b0c13484b5249a31b29c4313216982b680a3a3a40a28a125adc0d8?s=96&d=mm&r=g","caption":"Joanna Bieda"},"description":"Joanna Bieda is the Director of Marketing and Communications at Modu-Loc Fence Rentals, and has been with the company since 2014. She loves writing and is a self-professed data nerd. She thoroughly enjoys teaching customers about all things fence via Modu-Loc's blog.","sameAs":["https:\/\/www.linkedin.com\/in\/joannabieda\/"],"url":"https:\/\/moduloc.ca\/fr\/blog\/author\/jbieda\/"}]}},"_links":{"self":[{"href":"https:\/\/moduloc.ca\/fr\/wp-json\/wp\/v2\/posts\/2433","targetHints":{"allow":["GET"]}}],"collection":[{"href":"https:\/\/moduloc.ca\/fr\/wp-json\/wp\/v2\/posts"}],"about":[{"href":"https:\/\/moduloc.ca\/fr\/wp-json\/wp\/v2\/types\/post"}],"author":[{"embeddable":true,"href":"https:\/\/moduloc.ca\/fr\/wp-json\/wp\/v2\/users\/2"}],"replies":[{"embeddable":true,"href":"https:\/\/moduloc.ca\/fr\/wp-json\/wp\/v2\/comments?post=2433"}],"version-history":[{"count":7,"href":"https:\/\/moduloc.ca\/fr\/wp-json\/wp\/v2\/posts\/2433\/revisions"}],"predecessor-version":[{"id":4533,"href":"https:\/\/moduloc.ca\/fr\/wp-json\/wp\/v2\/posts\/2433\/revisions\/4533"}],"wp:featuredmedia":[{"embeddable":true,"href":"https:\/\/moduloc.ca\/fr\/wp-json\/wp\/v2\/media\/2432"}],"wp:attachment":[{"href":"https:\/\/moduloc.ca\/fr\/wp-json\/wp\/v2\/media?parent=2433"}],"wp:term":[{"taxonomy":"category","embeddable":true,"href":"https:\/\/moduloc.ca\/fr\/wp-json\/wp\/v2\/categories?post=2433"},{"taxonomy":"post_tag","embeddable":true,"href":"https:\/\/moduloc.ca\/fr\/wp-json\/wp\/v2\/tags?post=2433"}],"curies":[{"name":"wp","href":"https:\/\/api.w.org\/{rel}","templated":true}]}}